{"id":94,"date":"2026-08-12T18:25:53","date_gmt":"2026-08-12T18:25:53","guid":{"rendered":"https:\/\/fenavid.com.br\/blog\/?p=94"},"modified":"2026-08-12T18:26:34","modified_gmt":"2026-08-12T18:26:34","slug":"vidros-de-alto-desempenho-ganham-espaco-na-arquitetura-em-2026","status":"publish","type":"post","link":"https:\/\/fenavid.com.br\/blog\/2026\/08\/12\/vidros-de-alto-desempenho-ganham-espaco-na-arquitetura-em-2026\/","title":{"rendered":"Vidros de alto desempenho ganham espa\u00e7o na arquitetura em 2026"},"content":{"rendered":"\n<p class=\"wp-block-paragraph\">A presen\u00e7a do vidro na arquitetura deixou h\u00e1 muito tempo de ser apenas uma escolha est\u00e9tica. Em fachadas, janelas, coberturas, guarda-corpos e grandes v\u00e3os, o material passou a exercer fun\u00e7\u00f5es relacionadas ao conforto t\u00e9rmico, seguran\u00e7a, efici\u00eancia energ\u00e9tica, ilumina\u00e7\u00e3o natural e desempenho ac\u00fastico.<\/p>\n\n\n\n<p class=\"wp-block-paragraph\">Em 2026, esse movimento est\u00e1 ainda mais evidente. O mercado brasileiro vem ampliando o interesse por vidros de maior valor agregado, acompanhando projetos arquitet\u00f4nicos que exigem transpar\u00eancia, grandes dimens\u00f5es e melhor desempenho t\u00e9cnico. A tend\u00eancia tamb\u00e9m aparece na busca por fachadas visualmente mais leves e integradas ao conceito dos edif\u00edcios.<\/p>\n\n\n\n<p class=\"wp-block-paragraph\">Para arquitetos, construtoras, fabricantes de esquadrias, vidraceiros e especificadores, isso significa que escolher o vidro adequado exige cada vez mais conhecimento sobre a fun\u00e7\u00e3o que o material desempenhar\u00e1 no projeto.<\/p>\n\n\n\n<h2 class=\"wp-block-heading\"><strong>Transpar\u00eancia continua em alta<\/strong><\/h2>\n\n\n\n<p class=\"wp-block-paragraph\">Uma das tend\u00eancias mais claras da arquitetura contempor\u00e2nea \u00e9 a valoriza\u00e7\u00e3o da transpar\u00eancia.<\/p>\n\n\n\n<p class=\"wp-block-paragraph\">Fachadas envidra\u00e7adas, portas de grandes dimens\u00f5es e ambientes integrados ajudam a criar espa\u00e7os visualmente mais amplos e favorecem a conex\u00e3o entre \u00e1reas internas e externas. Segundo levantamento da Abravidro sobre as expectativas do setor para 2026, o mercado de alto padr\u00e3o continua buscando grandes v\u00e3os associados a isolamento t\u00e9rmico e ac\u00fastico, seguran\u00e7a e est\u00e9tica, al\u00e9m de demonstrar prefer\u00eancia por vidros mais transparentes.<\/p>\n\n\n\n<p class=\"wp-block-paragraph\">Por\u00e9m, aumentar a \u00e1rea envidra\u00e7ada de uma constru\u00e7\u00e3o tamb\u00e9m exige aten\u00e7\u00e3o ao desempenho.<\/p>\n\n\n\n<p class=\"wp-block-paragraph\">Uma fachada pode proporcionar excelente entrada de luz natural e, ao mesmo tempo, gerar desconforto t\u00e9rmico se o vidro n\u00e3o estiver corretamente especificado para a orienta\u00e7\u00e3o solar, o clima e as caracter\u00edsticas do edif\u00edcio.<\/p>\n\n\n\n<p class=\"wp-block-paragraph\">\u00c9 justamente nesse ponto que os vidros de alto desempenho ganham import\u00e2ncia.<\/p>\n\n\n\n<h2 class=\"wp-block-heading\"><strong>Vidros de controle solar ajudam no conforto t\u00e9rmico<\/strong><\/h2>\n\n\n\n<p class=\"wp-block-paragraph\">Os vidros de controle solar s\u00e3o desenvolvidos para permitir a entrada de luz ao mesmo tempo em que reduzem parte da transfer\u00eancia de calor para o interior dos ambientes.<\/p>\n\n\n\n<p class=\"wp-block-paragraph\">Essa caracter\u00edstica pode contribuir para diminuir a carga sobre sistemas de climatiza\u00e7\u00e3o e melhorar o conforto dos usu\u00e1rios da edifica\u00e7\u00e3o. A Abravidro destaca que vidros de controle solar, laminados com camadas especiais e vidros insulados podem ser utilizados de acordo com o clima e as necessidades espec\u00edficas de cada projeto.<\/p>\n\n\n\n<p class=\"wp-block-paragraph\">A tend\u00eancia em 2026 \u00e9 combinar desempenho com apar\u00eancia cada vez mais neutra.<\/p>\n\n\n\n<p class=\"wp-block-paragraph\">Segundo profissionais consultados pela Abravidro, h\u00e1 uma prefer\u00eancia crescente por fachadas transparentes e leves, evitando que a tecnologia aplicada ao vidro comprometa o conceito arquitet\u00f4nico do empreendimento.<\/p>\n\n\n\n<p class=\"wp-block-paragraph\">Isso amplia as possibilidades para arquitetos e especificadores, que podem trabalhar com grandes \u00e1reas envidra\u00e7adas sem necessariamente abrir m\u00e3o de crit\u00e9rios de desempenho.<\/p>\n\n\n\n<h2 class=\"wp-block-heading\"><strong>Grandes v\u00e3os exigem solu\u00e7\u00f5es mais sofisticadas<\/strong><\/h2>\n\n\n\n<p class=\"wp-block-paragraph\">Outro movimento importante \u00e9 o crescimento das pe\u00e7as de grandes dimens\u00f5es.<\/p>\n\n\n\n<p class=\"wp-block-paragraph\">Portas de correr, fachadas estruturais, pain\u00e9is de vidro e aberturas amplas aparecem com frequ\u00eancia crescente em projetos residenciais e comerciais.<\/p>\n\n\n\n<p class=\"wp-block-paragraph\">Durante eventos de arquitetura realizados em 2026, fabricantes apresentaram inclusive pe\u00e7as jumbo de vidro de prote\u00e7\u00e3o solar aplicadas em fachadas, demonstrando como a ind\u00fastria est\u00e1 acompanhando a procura por grandes superf\u00edcies transparentes.<\/p>\n\n\n\n<p class=\"wp-block-paragraph\">Mas dimens\u00f5es maiores tamb\u00e9m significam maiores responsabilidades t\u00e9cnicas.<\/p>\n\n\n\n<p class=\"wp-block-paragraph\">Espessura, peso, resist\u00eancia, sistema de fixa\u00e7\u00e3o, tipo de esquadria, movimenta\u00e7\u00e3o da estrutura e condi\u00e7\u00f5es de instala\u00e7\u00e3o precisam ser considerados em conjunto.<\/p>\n\n\n\n<p class=\"wp-block-paragraph\">O vidro n\u00e3o pode ser analisado de maneira isolada. Ele faz parte de um sistema que envolve perfis, ferragens, estruturas, veda\u00e7\u00f5es e m\u00e9todos de instala\u00e7\u00e3o.<\/p>\n\n\n\n<p class=\"wp-block-paragraph\">Por isso, a integra\u00e7\u00e3o entre ind\u00fastria vidreira, fabricantes de esquadrias, projetistas, arquitetos e instaladores se torna cada vez mais importante.<\/p>\n\n\n\n<h2 class=\"wp-block-heading\"><strong>Seguran\u00e7a tamb\u00e9m est\u00e1 no centro da especifica\u00e7\u00e3o<\/strong><\/h2>\n\n\n\n<p class=\"wp-block-paragraph\">A evolu\u00e7\u00e3o est\u00e9tica e tecnol\u00f3gica precisa caminhar junto com a seguran\u00e7a.<\/p>\n\n\n\n<p class=\"wp-block-paragraph\">A ABNT NBR 7199:2025, que trata das aplica\u00e7\u00f5es de vidros na constru\u00e7\u00e3o civil, trouxe uma revis\u00e3o e amplia\u00e7\u00e3o das orienta\u00e7\u00f5es relacionadas aos diferentes usos do material nas edifica\u00e7\u00f5es. A norma possui uma tabela revisada para auxiliar na defini\u00e7\u00e3o dos tipos de vidro adequados para diferentes aplica\u00e7\u00f5es.<\/p>\n\n\n\n<p class=\"wp-block-paragraph\">Al\u00e9m dela, existem normas espec\u00edficas relacionadas a esquadrias, guarda-corpos, boxes de banheiro, envidra\u00e7amento de sacadas e desempenho das edifica\u00e7\u00f5es. A pr\u00f3pria ABNT re\u00fane essas refer\u00eancias dentro das boas pr\u00e1ticas para aplica\u00e7\u00e3o e manuten\u00e7\u00e3o de vidros na constru\u00e7\u00e3o civil.<\/p>\n\n\n\n<p class=\"wp-block-paragraph\">Na pr\u00e1tica, isso refor\u00e7a a import\u00e2ncia de evitar decis\u00f5es baseadas somente em pre\u00e7o ou apar\u00eancia.<\/p>\n\n\n\n<p class=\"wp-block-paragraph\">Dependendo da aplica\u00e7\u00e3o, pode ser necess\u00e1rio utilizar vidro temperado, laminado ou outras configura\u00e7\u00f5es de seguran\u00e7a capazes de reduzir os riscos em caso de quebra.<\/p>\n\n\n\n<p class=\"wp-block-paragraph\">Conhecer as normas aplic\u00e1veis deve fazer parte do processo desde a especifica\u00e7\u00e3o at\u00e9 a instala\u00e7\u00e3o.<\/p>\n\n\n\n<h2 class=\"wp-block-heading\">Efici\u00eancia energ\u00e9tica influencia cada vez mais os projetos<\/h2>\n\n\n\n<p class=\"wp-block-paragraph\">O desempenho energ\u00e9tico tamb\u00e9m passou a exercer papel importante na escolha dos materiais utilizados em uma edifica\u00e7\u00e3o.<\/p>\n\n\n\n<p class=\"wp-block-paragraph\">A ABNT PR 1010, dedicada \u00e0s boas pr\u00e1ticas de aplica\u00e7\u00e3o de vidros na constru\u00e7\u00e3o civil, inclui entre seus temas ilumina\u00e7\u00e3o natural, efici\u00eancia energ\u00e9tica, desempenho t\u00e9rmico e desempenho ac\u00fastico.<\/p>\n\n\n\n<p class=\"wp-block-paragraph\">Isso demonstra como o vidro participa de diferentes aspectos do desempenho de um edif\u00edcio.<\/p>\n\n\n\n<p class=\"wp-block-paragraph\">Quando corretamente especificada, uma \u00e1rea envidra\u00e7ada pode aproveitar melhor a ilumina\u00e7\u00e3o natural, proporcionar integra\u00e7\u00e3o visual e contribuir para o controle t\u00e9rmico. Por outro lado, uma escolha inadequada pode aumentar o ganho de calor e a necessidade de climatiza\u00e7\u00e3o.<\/p>\n\n\n\n<p class=\"wp-block-paragraph\">A especifica\u00e7\u00e3o deve considerar fatores como orienta\u00e7\u00e3o da fachada, incid\u00eancia solar, tamanho das aberturas, clima da regi\u00e3o e finalidade de cada ambiente.<\/p>\n\n\n\n<p class=\"wp-block-paragraph\">N\u00e3o existe um \u00fanico vidro ideal para todos os projetos.<\/p>\n\n\n\n<p class=\"wp-block-paragraph\">Existe o vidro mais adequado para cada aplica\u00e7\u00e3o.<\/p>\n\n\n\n<h2 class=\"wp-block-heading\">Esquadrias e vidro precisam funcionar como um sistema<\/h2>\n\n\n\n<p class=\"wp-block-paragraph\">O desempenho de uma janela ou fachada n\u00e3o depende apenas do vidro.<\/p>\n\n\n\n<p class=\"wp-block-paragraph\">As esquadrias exercem papel fundamental em estanqueidade, resist\u00eancia, movimenta\u00e7\u00e3o, ac\u00fastica e desempenho t\u00e9rmico. A s\u00e9rie ABNT NBR 10821 re\u00fane requisitos espec\u00edficos relacionados \u00e0s esquadrias para edifica\u00e7\u00f5es, refor\u00e7ando a necessidade de avaliar o conjunto e n\u00e3o apenas seus componentes individualmente.<\/p>\n\n\n\n<p class=\"wp-block-paragraph\">Essa vis\u00e3o sist\u00eamica \u00e9 especialmente importante em projetos com pe\u00e7as maiores ou solu\u00e7\u00f5es arquitet\u00f4nicas mais complexas.<\/p>\n\n\n\n<p class=\"wp-block-paragraph\">Um vidro de alta tecnologia instalado em uma esquadria inadequada pode n\u00e3o entregar todo o desempenho esperado.<\/p>\n\n\n\n<p class=\"wp-block-paragraph\">Da mesma forma, uma excelente esquadria precisa estar associada ao vidro correto para as condi\u00e7\u00f5es do projeto.<\/p>\n\n\n\n<h2 class=\"wp-block-heading\">Tecnologia cria novas oportunidades para o setor<\/h2>\n\n\n\n<p class=\"wp-block-paragraph\">A evolu\u00e7\u00e3o dos vidros arquitet\u00f4nicos representa tamb\u00e9m uma oportunidade comercial.<\/p>\n\n\n\n<p class=\"wp-block-paragraph\">Produtos de maior valor agregado permitem que empresas deixem de competir exclusivamente por pre\u00e7o e passem a oferecer solu\u00e7\u00f5es baseadas em desempenho, conforto, seguran\u00e7a e est\u00e9tica.<\/p>\n\n\n\n<p class=\"wp-block-paragraph\">A Abravidro destaca que edifica\u00e7\u00f5es que utilizam vidros de maior tecnologia buscam benef\u00edcios cada vez mais valorizados na constru\u00e7\u00e3o moderna. Em 2026, solu\u00e7\u00f5es de controle solar, grandes dimens\u00f5es e maior transpar\u00eancia continuam aparecendo entre as tend\u00eancias do mercado.<\/p>\n\n\n\n<p class=\"wp-block-paragraph\">Para vidraceiros, distribuidores e fabricantes de esquadrias, isso tamb\u00e9m exige uma mudan\u00e7a na forma de vender.<\/p>\n\n\n\n<p class=\"wp-block-paragraph\">O consumidor precisa entender n\u00e3o apenas qual produto est\u00e1 comprando, mas quais problemas aquele vidro ou sistema resolve.<\/p>\n\n\n\n<p class=\"wp-block-paragraph\">Explicar diferen\u00e7as de desempenho, seguran\u00e7a, manuten\u00e7\u00e3o e conforto pode transformar uma simples cota\u00e7\u00e3o em uma venda consultiva.<\/p>\n\n\n\n<h2 class=\"wp-block-heading\">O futuro do vidro ser\u00e1 cada vez mais t\u00e9cnico<\/h2>\n\n\n\n<p class=\"wp-block-paragraph\">A arquitetura continuar\u00e1 explorando transpar\u00eancia, integra\u00e7\u00e3o de ambientes e grandes superf\u00edcies envidra\u00e7adas. Ao mesmo tempo, as exig\u00eancias relacionadas a seguran\u00e7a, conforto e efici\u00eancia tendem a aumentar.<\/p>\n\n\n\n<p class=\"wp-block-paragraph\">O resultado \u00e9 um mercado em que est\u00e9tica e tecnologia precisam caminhar juntas.<\/p>\n\n\n\n<p class=\"wp-block-paragraph\">Para os profissionais do setor, acompanhar novos produtos, normas, m\u00e9todos de instala\u00e7\u00e3o e tend\u00eancias arquitet\u00f4nicas ser\u00e1 essencial para aproveitar essas oportunidades.<\/p>\n\n\n\n<p class=\"wp-block-paragraph\">\u00c9 justamente nesse ambiente de transforma\u00e7\u00e3o que encontros como a FENAVID ganham relev\u00e2ncia. A feira re\u00fane empresas do universo de vidros, esquadrias e acess\u00f3rios e aproxima fabricantes, vidraceiros, construtoras, arquitetos, especificadores, distribuidores e varejo especializado.<\/p>\n\n\n\n<p class=\"wp-block-paragraph\">Mais do que preencher fachadas e janelas, o vidro moderno passou a contribuir diretamente para a experi\u00eancia, o desempenho e a seguran\u00e7a das edifica\u00e7\u00f5es.<\/p>\n\n\n\n<p class=\"wp-block-paragraph\">E, \u00e0 medida que os projetos se tornam mais sofisticados, conhecimento t\u00e9cnico passa a ser t\u00e3o importante quanto transpar\u00eancia e design.<\/p>\n","protected":false},"excerpt":{"rendered":"<p>Vidros de controle solar, grandes v\u00e3os, seguran\u00e7a e efici\u00eancia energ\u00e9tica est\u00e3o ganhando espa\u00e7o na arquitetura. Conhe\u00e7a as principais tend\u00eancias dos vidros de alto desempenho e os desafios para profissionais do setor.<\/p>\n","protected":false},"author":1,"featured_media":114,"comment_status":"open","ping_status":"open","sticky":false,"template":"","format":"standard","meta":{"_thinkrank_schema_form_data":"","_thinkrank_selected_schema_type":"","_thinkrank_additional_schemas":"","_thinkrank_canonical_url":"","_thinkrank_og_title":"","_thinkrank_og_description":"","_thinkrank_og_image":"","_thinkrank_twitter_title":"","_thinkrank_twitter_description":"","_thinkrank_twitter_image":"","_thinkrank_imported_from":"","_thinkrank_focus_keywords":[],"_thinkrank_focus_keyword":"","_thinkrank_robots_meta_enabled":0,"_thinkrank_robots_meta":"[]","_thinkrank_advanced_robots_meta":"[]","_thinkrank_primary_category":0,"footnotes":"","_wpscppro_dont_share_socialmedia":false,"_wpscppro_custom_social_share_image":0,"_facebook_share_type":"default","_twitter_share_type":"default","_linkedin_share_type":"default","_pinterest_share_type":"default","_linkedin_share_type_page":"","_instagram_share_type":"default","_medium_share_type":"default","_threads_share_type":"default","_google_business_share_type":"default","_bluesky_share_type":"default","_mastodon_share_type":"default","_selected_social_profile":[],"_wpsp_enable_custom_social_template":false,"_wpsp_social_scheduling":{"enabled":false,"datetime":null,"platforms":[],"status":"template_only","dateOption":"today","timeOption":"now","customDays":"","customHours":"","customDate":"","customTime":"","schedulingType":"absolute"},"_wpsp_active_default_template":true},"categories":[3],"tags":[23,24,25,26,30,29,28,27],"class_list":["post-94","post","type-post","status-publish","format-standard","has-post-thumbnail","hentry","category-vidros-e-aplicacoes","tag-arquitetura","tag-construcao-civil","tag-eficiencia-energetica","tag-esquadrias","tag-fenavid","tag-nbr-7199","tag-vidro-de-controle-solar","tag-vidros-de-alto-desempenho"],"_links":{"self":[{"href":"https:\/\/fenavid.com.br\/blog\/wp-json\/wp\/v2\/posts\/94","targetHints":{"allow":["GET"]}}],"collection":[{"href":"https:\/\/fenavid.com.br\/blog\/wp-json\/wp\/v2\/posts"}],"about":[{"href":"https:\/\/fenavid.com.br\/blog\/wp-json\/wp\/v2\/types\/post"}],"author":[{"embeddable":true,"href":"https:\/\/fenavid.com.br\/blog\/wp-json\/wp\/v2\/users\/1"}],"replies":[{"embeddable":true,"href":"https:\/\/fenavid.com.br\/blog\/wp-json\/wp\/v2\/comments?post=94"}],"version-history":[{"count":1,"href":"https:\/\/fenavid.com.br\/blog\/wp-json\/wp\/v2\/posts\/94\/revisions"}],"predecessor-version":[{"id":115,"href":"https:\/\/fenavid.com.br\/blog\/wp-json\/wp\/v2\/posts\/94\/revisions\/115"}],"wp:featuredmedia":[{"embeddable":true,"href":"https:\/\/fenavid.com.br\/blog\/wp-json\/wp\/v2\/media\/114"}],"wp:attachment":[{"href":"https:\/\/fenavid.com.br\/blog\/wp-json\/wp\/v2\/media?parent=94"}],"wp:term":[{"taxonomy":"category","embeddable":true,"href":"https:\/\/fenavid.com.br\/blog\/wp-json\/wp\/v2\/categories?post=94"},{"taxonomy":"post_tag","embeddable":true,"href":"https:\/\/fenavid.com.br\/blog\/wp-json\/wp\/v2\/tags?post=94"}],"curies":[{"name":"wp","href":"https:\/\/api.w.org\/{rel}","templated":true}]}}